[{"@context":"https:\/\/schema.org\/","@type":"Article","@id":"https:\/\/www.nalis.sk\/elektricka-pekarnicka\/#Article","mainEntityOfPage":"https:\/\/www.nalis.sk\/elektricka-pekarnicka\/","headline":"Elektrick\u00e1 pek\u00e1rni\u010dka","name":"Elektrick\u00e1 pek\u00e1rni\u010dka","description":"Dobre si pam\u00e4t\u00e1m na sobotn\u00e9 r\u00e1na u\u00a0mojej starkej na dedine. Vst\u00e1vala skoro r\u00e1no a\u00a0zamiesila cesto na chleb\u00edk. Do ve\u013ekej drevenej misy. Potom ho...","datePublished":"2018-08-30","dateModified":"2018-08-30","author":{"@type":"Person","@id":"https:\/\/www.nalis.sk\/author\/#Person","name":"","url":"https:\/\/www.nalis.sk\/author\/","identifier":1,"image":{"@type":"ImageObject","@id":"https:\/\/secure.gravatar.com\/avatar\/d89f66f31d15c86aaa67b2d500e11b783534f791bc2a93dd89895a03d043c162?s=96&d=mm&r=g","url":"https:\/\/secure.gravatar.com\/avatar\/d89f66f31d15c86aaa67b2d500e11b783534f791bc2a93dd89895a03d043c162?s=96&d=mm&r=g","height":96,"width":96}},"publisher":{"@type":"Organization","name":"nalis.sk","logo":{"@type":"ImageObject","@id":"\/logo.png","url":"\/logo.png","width":600,"height":60}},"image":{"@type":"ImageObject","@id":"https:\/\/www.nalis.sk\/wp-content\/uploads\/img_a292787_w16553_t1540925725.jpg","url":"https:\/\/www.nalis.sk\/wp-content\/uploads\/img_a292787_w16553_t1540925725.jpg","height":0,"width":0},"url":"https:\/\/www.nalis.sk\/elektricka-pekarnicka\/","wordCount":451,"articleBody":"Dobre si pam\u00e4t\u00e1m na sobotn\u00e9 r\u00e1na u\u00a0mojej starkej na dedine. Vst\u00e1vala skoro r\u00e1no a\u00a0zamiesila cesto na chleb\u00edk. Do ve\u013ekej drevenej misy. Potom ho porozde\u013eovala na 7 rovnak\u00fdch bochn\u00edkov . Pekne si r\u00e1stli na stole a\u00a0my deti sme v\u017edy zakukovali, \u010di u\u017e dostato\u010dne podr\u00e1stli a\u00a0s\u00fa s\u00face na cestu do pece. Stark\u00e1 mala klasick\u00fd spor\u00e1k s\u00a0plat\u0148ou na jednej \u010dasti a\u00a0s\u00a0miestom na pe\u010denie chleb\u00edka, alebo m\u00e4ska na strane druhej. V\u00a0kuchyni bolo n\u00e1dherne teplo a\u00a0hlavne to vo\u0148alo ! E\u0161te teraz m\u00e1m tu v\u00f4\u0148u v\u00a0nose. Pe\u010denie chleb\u00edka na cel\u00fd t\u00fd\u017ede\u0148 bol obrad. Bolo to nieko\u013eko hodinov\u00e9\u00a0 pote\u0161enie pre n\u00e1s deti. A t\u00e1 chu\u0165 \u010derstvo upe\u010den\u00e9ho chleba s\u00a0dom\u00e1cim maslom je nezabudnute\u013en\u00e1!Doba pokro\u010dila, ja m\u00e1m d\u00e1vno svoju dom\u00e1cnos\u0165 a\u00a0ob\u010das veru som zvykla ,hlavne z\u00a0nostalgie, upiec\u0165 chlieb. Prevo\u0148ala som t\u00fdm cel\u00fd byt . Ale pravdu povediac nepiekla som ho \u010dasto. \u017dijeme in\u00fa dobu- r\u00fdchlej\u0161iu . Na ni\u010d nem\u00e1me \u010das. Pote\u0161ila som sa ke\u010f som jedn\u00e9ho d\u0148a dostala dar\u010dek- elektrick\u00fa piecku.Elektrick\u00e1 dom\u00e1ca pek\u00e1re\u0148 na chlieb . \u010ci som sa len pote\u0161ila . Bola kr\u00e1sna nerezov\u00e1 s\u00a02 hnetac\u00edmi hlavami a\u00a010 programami na pr\u00edpravu\u00a0 nielen\t\tchleba\t\tcesta\t\tkol\u00e1\u010dov\t\tlekv\u00e1rova\u00a0mnoho in\u00e9ho. Hne\u010f som sa pustila do pr\u00e1ce. Dala som do pek\u00e1rni\u010dky v\u0161etky potrebn\u00e9 suroviny pod\u013ea prilo\u017eenej knihy v\u00a0porad\u00ed :\t\ttekut\u00e9\t\tsypk\u00e9nastavila som program a\u00a0\u010dakala. Nebolo to mil\u00e9 d\u00e1my hne\u010f . Chleb\u00edk sa najprv miesil, potom kysol a\u00a0nakoniec piekol. Cel\u00fd program trval viac ako 3 hodiny. Ale na rozdiel od mojej starkej ja som s\u00a0t\u00fdm nemala \u017eiadnu pr\u00e1cu. N\u00e1dherne to vo\u0148alo. V\u0161etci sme s\u00a0o\u010dak\u00e1van\u00edm zasadli k\u00a0stolu. Chleb\u00edk bol chutn\u00fd. Jeho k\u00f4rka ale z\u010faleka nechutila ako u\u00a0starkej. Vysk\u00fa\u0161ala som od vtedy ve\u013ea receptov :\t\tzemiakov\u00fd\t\tkef\u00edrov\u00fd\t\t\u0161unkov\u00fd\t\tpoh\u00e1nkov\u00fd\t\tbylinkov\u00fd\t\tslne\u010dnicov\u00fdVyu\u017e\u00edvam ju \u010dasto aj na pr\u00edpravu kysnut\u00e9ho cesta. To priprav\u00ed naozaj fam\u00f3zne. Dobr\u00e1 je aj na pr\u00edpravu d\u017eemu- nemus\u00edte st\u00e1\u0165 pri spor\u00e1ku a\u00a0mie\u0161a\u0165. Fakt sa oplat\u00ed. Len ten chleb\u00edk- pre ktor\u00fd mi bola darovan\u00e1 nerob\u00edm. Rob\u00edm ale r\u00f4zne sladk\u00e9\u00a0 \u201emazance\u201c . V\u00fdhodou je , \u017ee v\u0161etko d\u00e1te do pek\u00e1rni\u010dky, nastav\u00edte \u010das pr\u00edpravy a\u00a0idete spa\u0165. R\u00e1no sa zobud\u00edte a\u00a0v\u00a0kuchyni v\u00e1s \u010dak\u00e1 kol\u00e1\u010dik.                                                                                                                                                                                                                                                                                                                                                                                        4.3\/5 - (13 votes)        "},{"@context":"https:\/\/schema.org\/","@type":"BreadcrumbList","itemListElement":[{"@type":"ListItem","position":1,"name":"Elektrick\u00e1 pek\u00e1rni\u010dka","item":"https:\/\/www.nalis.sk\/elektricka-pekarnicka\/#breadcrumbitem"}]}]