[{"@context":"https:\/\/schema.org\/","@type":"Article","@id":"https:\/\/www.nalis.sk\/koronavirus-nas-velmi-obmedzoval-v-zivote\/#Article","mainEntityOfPage":"https:\/\/www.nalis.sk\/koronavirus-nas-velmi-obmedzoval-v-zivote\/","headline":"Koronav\u00edrus n\u00e1s ve\u013emi obmedzoval v \u017eivote","name":"Koronav\u00edrus n\u00e1s ve\u013emi obmedzoval v \u017eivote","description":"Covid-19. Ach. Na toto obdobie sa len \u0165a\u017eko spom\u00edna. Ve\u013ea m\u0155tvych, aj z na\u0161ej rodiny. \u0164a\u017eko sa n\u00e1m \u017eilo, ke\u010f sme zrazu nemohli...","datePublished":"2024-10-05","dateModified":"2024-10-05","author":{"@type":"Person","@id":"https:\/\/www.nalis.sk\/author\/#Person","name":"","url":"https:\/\/www.nalis.sk\/author\/","identifier":1,"image":{"@type":"ImageObject","@id":"https:\/\/secure.gravatar.com\/avatar\/d89f66f31d15c86aaa67b2d500e11b783534f791bc2a93dd89895a03d043c162?s=96&d=mm&r=g","url":"https:\/\/secure.gravatar.com\/avatar\/d89f66f31d15c86aaa67b2d500e11b783534f791bc2a93dd89895a03d043c162?s=96&d=mm&r=g","height":96,"width":96}},"publisher":{"@type":"Organization","name":"nalis.sk","logo":{"@type":"ImageObject","@id":"\/logo.png","url":"\/logo.png","width":600,"height":60}},"image":{"@type":"ImageObject","@id":"https:\/\/www.nalis.sk\/wp-content\/uploads\/girl-5760039_640%20(1)_2.jpg","url":"https:\/\/www.nalis.sk\/wp-content\/uploads\/girl-5760039_640%20(1)_2.jpg","height":0,"width":0},"url":"https:\/\/www.nalis.sk\/koronavirus-nas-velmi-obmedzoval-v-zivote\/","wordCount":390,"articleBody":"   Covid-19. Ach. Na toto obdobie sa len \u0165a\u017eko spom\u00edna. Ve\u013ea m\u0155tvych, aj z na\u0161ej rodiny. \u0164a\u017eko sa n\u00e1m \u017eilo, ke\u010f sme zrazu nemohli chodi\u0165 do svojho zamestnania a deti do \u0161k\u00f4l. Museli sme by\u0165 zavret\u00ed doma. Medzi \u0161tyrmi stenami. V panel\u00e1ku to nie je ni\u010d pr\u00edjemn\u00e9. \u010cakali sme, kedy budeme vedie\u0165 norm\u00e1lne d\u00fdcha\u0165. Nestret\u00e1vali sme sa s nik\u00fdm. Tento stav trval ve\u013emi dlho. U\u017e sme mysleli, \u017ee ani neust\u00fapi. Zapr\u00ed\u010dinila ho pand\u00e9mia koronav\u00edrusu. Po\u010det nakazen\u00fdch sa zis\u0165oval antig\u00e9nov\u00fdmi testami. Tie v\u0161ak ve\u013eakr\u00e1t boli vyk\u00fapen\u00e9 a bolo \u0165a\u017ek\u00e9 ich v\u00f4bec dosta\u0165. Chodila sme sa testova\u0165 do st\u00e1nkov, ktor\u00e9 boli pripraven\u00e9 priamo na testovanie.Aby sme sa chr\u00e1nili pred nakazen\u00edm od in\u00fdch obyvate\u013eov a ob\u010danov mesta, nosili sme ochrann\u00e9 r\u00fa\u0161ka alebo respir\u00e1tory. Ochrann\u00e9 r\u00fa\u0161ka mali zabezpe\u010di\u0165, aby sme sa nenakazili. \u010ci boli \u00fa\u010dinn\u00e9, to fakt neviem, ale zabra\u0148ovali aspo\u0148 tro\u0161ku nakazeniu. Ke\u010f ste napr\u00edklad i\u0161li do potrav\u00edn, museli ste ma\u0165 prekryt\u00e9 d\u00fdchanie i \u00fasta. Pre deti to bolo ve\u013emi nekomfortn\u00e9. V ochrann\u00fdch r\u00fa\u0161kach sa nedalo poriadne d\u00fdcha\u0165 a mnoh\u00ed \u013eudia z nich mali aj r\u00f4zne ekz\u00e9my \u010di ko\u017en\u00e9 probl\u00e9my. Testovanie antig\u00e9nov\u00fdmi testami prebiehalo v dlh\u00fdch radoch po\u010das zimn\u00fdch mesiacoch. Mnoh\u00ed sme na to nad\u00e1vali, preto\u017ee sme museli trpie\u0165, aby n\u00e1s otestovali. Prebiehalo aj celo\u0161t\u00e1tne testovanie i celo\u0161t\u00e1tne o\u010dkovanie vakc\u00ednou proti koronav\u00edrusu. Museli sme, ak sme chceli chodi\u0165 do svojho zamestnania. Len niektor\u00e9 spolo\u010dnosti mohli by\u0165 v prev\u00e1dzke. In\u00e9 museli by\u0165 pozatv\u00e1ran\u00e9. Bolo to ako mesto duchov.N\u00e1v\u0161tevy neboli pr\u00edpustn\u00e9 a my sme nevedeli, \u010do sa deje s na\u0161ou rodinou. Udr\u017ea\u0165 deti doma medzi \u0161tyrmi stenami bolo vy\u010derp\u00e1vaj\u00face. Tento stav u\u017e na\u0161\u0165astie je za nami a my m\u00f4\u017eeme znovu \u017ei\u0165. M\u00f4\u017eeme chodi\u0165 do pr\u00e1ce, deti nav\u0161tevova\u0165 \u0161kolsk\u00e9 zariadenia a chodi\u0165 norm\u00e1lne po v\u0161elijak\u00fdch obchodoch. M\u00e1me slobodu, ktor\u00fa sme si v\u017edy priali, no po\u010das koronav\u00edrusu n\u00e1m bola neumo\u017enen\u00e1.                                                                                                                                                                                                                                                                                                                                                                                           4.2\/5 - (13 votes)        "},{"@context":"https:\/\/schema.org\/","@type":"BreadcrumbList","itemListElement":[{"@type":"ListItem","position":1,"name":"Koronav\u00edrus n\u00e1s ve\u013emi obmedzoval v \u017eivote","item":"https:\/\/www.nalis.sk\/koronavirus-nas-velmi-obmedzoval-v-zivote\/#breadcrumbitem"}]}]