[{"@context":"https:\/\/schema.org\/","@type":"Article","@id":"https:\/\/www.nalis.sk\/moda-v-malicku\/#Article","mainEntityOfPage":"https:\/\/www.nalis.sk\/moda-v-malicku\/","headline":"M\u00f3da v mal\u00ed\u010dku","name":"M\u00f3da v mal\u00ed\u010dku","description":"A \u010do je tie\u017e d\u00f4le\u017eit\u00e9 v\u0161etci chceme koniec-koncov vyzera\u0165 dobre. A pr\u00e1ve preto je m\u00f3da neoddelite\u013enou s\u00fa\u010das\u0165ou \u017eivota ka\u017ed\u00e9ho z n\u00e1s. Ja som...","datePublished":"2019-02-07","dateModified":"2019-02-07","author":{"@type":"Person","@id":"https:\/\/www.nalis.sk\/author\/#Person","name":"","url":"https:\/\/www.nalis.sk\/author\/","identifier":1,"image":{"@type":"ImageObject","@id":"https:\/\/secure.gravatar.com\/avatar\/d89f66f31d15c86aaa67b2d500e11b783534f791bc2a93dd89895a03d043c162?s=96&d=mm&r=g","url":"https:\/\/secure.gravatar.com\/avatar\/d89f66f31d15c86aaa67b2d500e11b783534f791bc2a93dd89895a03d043c162?s=96&d=mm&r=g","height":96,"width":96}},"publisher":{"@type":"Organization","name":"nalis.sk","logo":{"@type":"ImageObject","@id":"\/logo.png","url":"\/logo.png","width":600,"height":60}},"image":{"@type":"ImageObject","@id":"https:\/\/www.nalis.sk\/wp-content\/uploads\/img_a297128_w2009_t1550761769.jpg","url":"https:\/\/www.nalis.sk\/wp-content\/uploads\/img_a297128_w2009_t1550761769.jpg","height":0,"width":0},"url":"https:\/\/www.nalis.sk\/moda-v-malicku\/","wordCount":425,"articleBody":"A \u010do je tie\u017e d\u00f4le\u017eit\u00e9 v\u0161etci chceme koniec-koncov vyzera\u0165 dobre. A pr\u00e1ve preto je m\u00f3da neoddelite\u013enou s\u00fa\u010das\u0165ou \u017eivota ka\u017ed\u00e9ho z n\u00e1s. Ja som \u010dlovek, ktor\u00fd m\u00f3du naozaj zbo\u017e\u0148uje a t\u00fdm nechcem poveda\u0165 \u017ee som fanatik do v\u0161etk\u00fdch m\u00f3dnych k\u00faskov a trendov a skuto\u010dne nemus\u00edm ma\u0165 ka\u017ed\u00fd najnov\u0161\u00ed v\u00fdstrelok.  Povedala by som sk\u00f4r \u017ee pr\u00e1ve opak je pravdou. Som teda sk\u00f4r tak\u00fd typ \u010dloveka, ktor\u00fd ned\u00e1 dopusti\u0165 na m\u00f3dne k\u00fasky ktor\u00e9 v \u017eivote z m\u00f3dy nevyjd\u00fa. Pod\u013ea m\u00f4jho n\u00e1zoru \u010dlovek nemus\u00ed ma\u0165 pr\u00edli\u0161 ve\u013ea pe\u0148az\u00ed na to aby sa vedel dobre obliec\u0165. \u010co sa t\u00fdka m\u00f3dy, uzn\u00e1vam sk\u00f4r to, ke\u010f sa \u013eudia vedia dobre obliec\u0165 aj napriek tomu, \u017ee oble\u010denie nest\u00e1lo viac ako nov\u00e9 auto. Vedie\u0165 sa obliec\u0165 znamen\u00e1 vedie\u0165 urobi\u0165 z ni\u010doho nie\u010do, \u010do m\u00e1 svoju cenu a hodnotu. Na to aby sa \u010dlovek vedel dobre a m\u00f3dne obliec\u0165 potrebuje rovnako kreat\u00edvne myslenie ako ke\u010f sa pok\u00fa\u0161a umelec nama\u013eova\u0165 n\u00e1dhern\u00e9 umeleck\u00e9 dielo. Umenie \u017eivota je predsa o tom urobi\u0165 z nie\u010doho \u010do nem\u00e1 ve\u013ek\u00fa hodnotu nie\u010doho ve\u013emi hodnotn\u00e9. Ve\u010f nemus\u00ed by\u0165 iba vychyt\u00e1vkach a najnov\u0161\u00edch trendoch ktor\u00e9 s\u00fa zbyto\u010dne predra\u017een\u00e9, ide sk\u00f4r o to, aby sme na\u0161li hodnotu vo veciach ktor\u00e9 pod\u013ea in\u00fdch hodnotu stratili. M\u00f3da pod\u013ea m\u0148a nem\u00f4\u017ee len tak umrie\u0165 a to plat\u00ed najm\u00e4 o k\u00faskoch ktor\u00e9 z m\u00f3dy nikdy nevyjd\u00fa Ak raz nem\u00e1te radi br\u00fasen\u00fa semi\u0161ov\u00fa hned\u00fa ko\u017eu tak ju nebudete nosi\u0165 len preto\u017ee je pr\u00e1ve teraz v m\u00f3de. Predsa ke\u010f sa obzrieme sp\u00e4\u0165 do hist\u00f3rie m\u00f3dy \/, uvid\u00edme, \u017ee v\u0161etky k\u00fasky sa op\u00e4\u0165 vracaj\u00fa a nov\u00e9 farby predsa len tak nevznikn\u00fa a teda ur\u010dite nevyhadzujte k\u00fasky ktor\u00e9 m\u00e1te radi len preto, \u017ee niekto nap\u00edsal \u017ee u\u017e nie s\u00fa v m\u00f3de a ke\u010f si ich oble\u010diete budete vyzera\u0165 ako z minul\u00e9ho storo\u010dia. Majte rad\u0161ej na pam\u00e4ti, \u017ee m\u00f3da je vec individu\u00e1lneho n\u00e1zoru a teda \u010doko\u013evek sa v\u00e1m p\u00e1\u010di noste to s \u00fasmevom na per\u00e1ch a so vzt\u00fd\u010denou hlavou, Preto\u017ee ak sa v outfite c\u00edtite dobre iba vtedy v \u0148om naozaj dobre aj vyzer\u00e1te.                                                                                                                                                                                                                                                                                                                                                                                        4.6\/5 - (9 votes)        "},{"@context":"https:\/\/schema.org\/","@type":"BreadcrumbList","itemListElement":[{"@type":"ListItem","position":1,"name":"M\u00f3da v mal\u00ed\u010dku","item":"https:\/\/www.nalis.sk\/moda-v-malicku\/#breadcrumbitem"}]}]