[{"@context":"https:\/\/schema.org\/","@type":"Blog","@id":"https:\/\/www.nalis.sk#Blog","headline":"Nalis","description":"\nChcete by\u0165 ide\u00e1lnou partnerkou, matkou, sestrou, susedou, zamestnanky\u0148ou i\u00a0dc\u00e9rou? Pom\u00f4\u017ee v\u00e1m n\u00e1\u0161 magaz\u00edn, kde n\u00e1jdete tipy zo \u0161irok\u00e9ho okruhu t\u00e9m a\u00a0oblast\u00ed.","url":"https:\/\/www.nalis.sk","hasPart":[{"@type":"Article","@id":"https:\/\/www.nalis.sk\/preco-si-v-praci-dopriat-odpocinok\/","headline":"Pre\u010do si v pr\u00e1ci dopria\u0165 odpo\u010dinok?","url":"https:\/\/www.nalis.sk\/preco-si-v-praci-dopriat-odpocinok\/","datePublished":"2019-07-19","dateModified":"2019-07-19","mainEntityOfPage":"https:\/\/www.nalis.sk\/preco-si-v-praci-dopriat-odpocinok\/","author":{"@type":"Person","@id":"https:\/\/www.nalis.sk\/author\/#Person","name":"","url":"https:\/\/www.nalis.sk\/author\/","identifier":1,"image":{"@type":"ImageObject","@id":"https:\/\/secure.gravatar.com\/avatar\/d89f66f31d15c86aaa67b2d500e11b783534f791bc2a93dd89895a03d043c162?s=96&d=mm&r=g","url":"https:\/\/secure.gravatar.com\/avatar\/d89f66f31d15c86aaa67b2d500e11b783534f791bc2a93dd89895a03d043c162?s=96&d=mm&r=g","height":96,"width":96}},"publisher":{"@type":"Organization","name":"nalis.sk","logo":{"@type":"ImageObject","@id":"\/logo.png","url":"\/logo.png","width":600,"height":60}},"image":{"@type":"ImageObject","@id":"https:\/\/www.nalis.sk\/wp-content\/uploads\/img_a305247_w16833_t1566481380.jpg","url":"https:\/\/www.nalis.sk\/wp-content\/uploads\/img_a305247_w16833_t1566481380.jpg","height":0,"width":0},"wordCount":461,"keywords":null},{"@type":"Article","@id":"https:\/\/www.nalis.sk\/gastronomia-v-portugalsku\/","headline":"Gastron\u00f3mia v Portugalsku","url":"https:\/\/www.nalis.sk\/gastronomia-v-portugalsku\/","datePublished":"2019-05-25","dateModified":"2019-05-25","mainEntityOfPage":"https:\/\/www.nalis.sk\/gastronomia-v-portugalsku\/","author":{"@type":"Person","@id":"https:\/\/www.nalis.sk\/author\/#Person","name":"","url":"https:\/\/www.nalis.sk\/author\/","identifier":1,"image":{"@type":"ImageObject","@id":"https:\/\/secure.gravatar.com\/avatar\/d89f66f31d15c86aaa67b2d500e11b783534f791bc2a93dd89895a03d043c162?s=96&d=mm&r=g","url":"https:\/\/secure.gravatar.com\/avatar\/d89f66f31d15c86aaa67b2d500e11b783534f791bc2a93dd89895a03d043c162?s=96&d=mm&r=g","height":96,"width":96}},"publisher":{"@type":"Organization","name":"nalis.sk","logo":{"@type":"ImageObject","@id":"\/logo.png","url":"\/logo.png","width":600,"height":60}},"image":{"@type":"ImageObject","@id":"https:\/\/www.nalis.sk\/wp-content\/uploads\/img_a303357_w16590_t1563979850.jpg","url":"https:\/\/www.nalis.sk\/wp-content\/uploads\/img_a303357_w16590_t1563979850.jpg","height":0,"width":0},"wordCount":477,"keywords":null},{"@type":"Article","@id":"https:\/\/www.nalis.sk\/papierove-lietadla\/","headline":"Papierov\u00e9 lietadl\u00e1","url":"https:\/\/www.nalis.sk\/papierove-lietadla\/","datePublished":"2019-03-26","dateModified":"2019-03-26","mainEntityOfPage":"https:\/\/www.nalis.sk\/papierove-lietadla\/","author":{"@type":"Person","@id":"https:\/\/www.nalis.sk\/author\/#Person","name":"","url":"https:\/\/www.nalis.sk\/author\/","identifier":1,"image":{"@type":"ImageObject","@id":"https:\/\/secure.gravatar.com\/avatar\/d89f66f31d15c86aaa67b2d500e11b783534f791bc2a93dd89895a03d043c162?s=96&d=mm&r=g","url":"https:\/\/secure.gravatar.com\/avatar\/d89f66f31d15c86aaa67b2d500e11b783534f791bc2a93dd89895a03d043c162?s=96&d=mm&r=g","height":96,"width":96}},"publisher":{"@type":"Organization","name":"nalis.sk","logo":{"@type":"ImageObject","@id":"\/logo.png","url":"\/logo.png","width":600,"height":60}},"image":{"@type":"ImageObject","@id":"https:\/\/www.nalis.sk\/wp-content\/uploads\/img_a298155_w16495_t1553196757.jpg","url":"https:\/\/www.nalis.sk\/wp-content\/uploads\/img_a298155_w16495_t1553196757.jpg","height":0,"width":0},"wordCount":456,"keywords":null},{"@type":"Article","@id":"https:\/\/www.nalis.sk\/moda-v-malicku\/","headline":"M\u00f3da v mal\u00ed\u010dku","url":"https:\/\/www.nalis.sk\/moda-v-malicku\/","datePublished":"2019-02-07","dateModified":"2019-02-07","mainEntityOfPage":"https:\/\/www.nalis.sk\/moda-v-malicku\/","author":{"@type":"Person","@id":"https:\/\/www.nalis.sk\/author\/#Person","name":"","url":"https:\/\/www.nalis.sk\/author\/","identifier":1,"image":{"@type":"ImageObject","@id":"https:\/\/secure.gravatar.com\/avatar\/d89f66f31d15c86aaa67b2d500e11b783534f791bc2a93dd89895a03d043c162?s=96&d=mm&r=g","url":"https:\/\/secure.gravatar.com\/avatar\/d89f66f31d15c86aaa67b2d500e11b783534f791bc2a93dd89895a03d043c162?s=96&d=mm&r=g","height":96,"width":96}},"publisher":{"@type":"Organization","name":"nalis.sk","logo":{"@type":"ImageObject","@id":"\/logo.png","url":"\/logo.png","width":600,"height":60}},"image":{"@type":"ImageObject","@id":"https:\/\/www.nalis.sk\/wp-content\/uploads\/img_a297128_w2009_t1550761769.jpg","url":"https:\/\/www.nalis.sk\/wp-content\/uploads\/img_a297128_w2009_t1550761769.jpg","height":0,"width":0},"wordCount":507,"keywords":null},{"@type":"Article","@id":"https:\/\/www.nalis.sk\/ozivte-atmosferu-svojho-podniku\/","headline":"O\u017eivte atmosf\u00e9ru svojho podniku","url":"https:\/\/www.nalis.sk\/ozivte-atmosferu-svojho-podniku\/","datePublished":"2019-02-03","dateModified":"2019-02-03","mainEntityOfPage":"https:\/\/www.nalis.sk\/ozivte-atmosferu-svojho-podniku\/","author":{"@type":"Person","@id":"https:\/\/www.nalis.sk\/author\/#Person","name":"","url":"https:\/\/www.nalis.sk\/author\/","identifier":1,"image":{"@type":"ImageObject","@id":"https:\/\/secure.gravatar.com\/avatar\/d89f66f31d15c86aaa67b2d500e11b783534f791bc2a93dd89895a03d043c162?s=96&d=mm&r=g","url":"https:\/\/secure.gravatar.com\/avatar\/d89f66f31d15c86aaa67b2d500e11b783534f791bc2a93dd89895a03d043c162?s=96&d=mm&r=g","height":96,"width":96}},"publisher":{"@type":"Organization","name":"nalis.sk","logo":{"@type":"ImageObject","@id":"\/logo.png","url":"\/logo.png","width":600,"height":60}},"image":{"@type":"ImageObject","@id":"https:\/\/www.nalis.sk\/wp-content\/uploads\/img_a298464_w16638_t1553596584.jpg","url":"https:\/\/www.nalis.sk\/wp-content\/uploads\/img_a298464_w16638_t1553596584.jpg","height":0,"width":0},"wordCount":528,"keywords":null},{"@type":"Article","@id":"https:\/\/www.nalis.sk\/prakticke-osvetlenie-a-zaroven-pritazlivy-dekoracny-prvok-to-su-pasiky-led\/","headline":"Praktick\u00e9 osvetlenie a z\u00e1rove\u0148 pr\u00ed\u0165a\u017eliv\u00fd dekora\u010dn\u00fd prvok. To s\u00fa p\u00e1siky LED","url":"https:\/\/www.nalis.sk\/prakticke-osvetlenie-a-zaroven-pritazlivy-dekoracny-prvok-to-su-pasiky-led\/","datePublished":"2019-01-16","dateModified":"2019-01-16","mainEntityOfPage":"https:\/\/www.nalis.sk\/prakticke-osvetlenie-a-zaroven-pritazlivy-dekoracny-prvok-to-su-pasiky-led\/","author":{"@type":"Person","@id":"https:\/\/www.nalis.sk\/author\/#Person","name":"","url":"https:\/\/www.nalis.sk\/author\/","identifier":1,"image":{"@type":"ImageObject","@id":"https:\/\/secure.gravatar.com\/avatar\/d89f66f31d15c86aaa67b2d500e11b783534f791bc2a93dd89895a03d043c162?s=96&d=mm&r=g","url":"https:\/\/secure.gravatar.com\/avatar\/d89f66f31d15c86aaa67b2d500e11b783534f791bc2a93dd89895a03d043c162?s=96&d=mm&r=g","height":96,"width":96}},"publisher":{"@type":"Organization","name":"nalis.sk","logo":{"@type":"ImageObject","@id":"\/logo.png","url":"\/logo.png","width":600,"height":60}},"image":{"@type":"ImageObject","@id":"https:\/\/www.nalis.sk\/wp-content\/uploads\/img_a296593_w16475_t1549816246.jpg","url":"https:\/\/www.nalis.sk\/wp-content\/uploads\/img_a296593_w16475_t1549816246.jpg","height":0,"width":0},"wordCount":4503,"keywords":null},{"@type":"Article","@id":"https:\/\/www.nalis.sk\/preco-sa-rozhodnut-pre-moderne-doplnky-akymi-su-dvere-zo-skla\/","headline":"Pre\u010do sa rozhodn\u00fa\u0165 pre modern\u00e9 doplnky, ak\u00fdmi s\u00fa dvere zo skla","url":"https:\/\/www.nalis.sk\/preco-sa-rozhodnut-pre-moderne-doplnky-akymi-su-dvere-zo-skla\/","datePublished":"2019-01-10","dateModified":"2019-01-10","mainEntityOfPage":"https:\/\/www.nalis.sk\/preco-sa-rozhodnut-pre-moderne-doplnky-akymi-su-dvere-zo-skla\/","author":{"@type":"Person","@id":"https:\/\/www.nalis.sk\/author\/#Person","name":"","url":"https:\/\/www.nalis.sk\/author\/","identifier":1,"image":{"@type":"ImageObject","@id":"https:\/\/secure.gravatar.com\/avatar\/d89f66f31d15c86aaa67b2d500e11b783534f791bc2a93dd89895a03d043c162?s=96&d=mm&r=g","url":"https:\/\/secure.gravatar.com\/avatar\/d89f66f31d15c86aaa67b2d500e11b783534f791bc2a93dd89895a03d043c162?s=96&d=mm&r=g","height":96,"width":96}},"publisher":{"@type":"Organization","name":"nalis.sk","logo":{"@type":"ImageObject","@id":"\/logo.png","url":"\/logo.png","width":600,"height":60}},"image":{"@type":"ImageObject","@id":"https:\/\/www.nalis.sk\/wp-content\/uploads\/img_a296697_w16475_t1549964143.jpg","url":"https:\/\/www.nalis.sk\/wp-content\/uploads\/img_a296697_w16475_t1549964143.jpg","height":0,"width":0},"wordCount":509,"keywords":null},{"@type":"Article","@id":"https:\/\/www.nalis.sk\/co-by-naozaj-potesilo-vas\/","headline":"\u010co by naozaj pote\u0161ilo v\u00e1s?","url":"https:\/\/www.nalis.sk\/co-by-naozaj-potesilo-vas\/","datePublished":"2018-12-16","dateModified":"2018-12-16","mainEntityOfPage":"https:\/\/www.nalis.sk\/co-by-naozaj-potesilo-vas\/","author":{"@type":"Person","@id":"https:\/\/www.nalis.sk\/author\/#Person","name":"","url":"https:\/\/www.nalis.sk\/author\/","identifier":1,"image":{"@type":"ImageObject","@id":"https:\/\/secure.gravatar.com\/avatar\/d89f66f31d15c86aaa67b2d500e11b783534f791bc2a93dd89895a03d043c162?s=96&d=mm&r=g","url":"https:\/\/secure.gravatar.com\/avatar\/d89f66f31d15c86aaa67b2d500e11b783534f791bc2a93dd89895a03d043c162?s=96&d=mm&r=g","height":96,"width":96}},"publisher":{"@type":"Organization","name":"nalis.sk","logo":{"@type":"ImageObject","@id":"\/logo.png","url":"\/logo.png","width":600,"height":60}},"image":{"@type":"ImageObject","@id":"https:\/\/www.nalis.sk\/wp-content\/uploads\/img_a295101_w16770_t1546120825.jpg","url":"https:\/\/www.nalis.sk\/wp-content\/uploads\/img_a295101_w16770_t1546120825.jpg","height":0,"width":0},"wordCount":531,"keywords":null},{"@type":"Article","@id":"https:\/\/www.nalis.sk\/priroda-u-vas-doma\/","headline":"Pr\u00edroda u v\u00e1s doma","url":"https:\/\/www.nalis.sk\/priroda-u-vas-doma\/","datePublished":"2018-11-30","dateModified":"2018-11-30","mainEntityOfPage":"https:\/\/www.nalis.sk\/priroda-u-vas-doma\/","author":{"@type":"Person","@id":"https:\/\/www.nalis.sk\/author\/#Person","name":"","url":"https:\/\/www.nalis.sk\/author\/","identifier":1,"image":{"@type":"ImageObject","@id":"https:\/\/secure.gravatar.com\/avatar\/d89f66f31d15c86aaa67b2d500e11b783534f791bc2a93dd89895a03d043c162?s=96&d=mm&r=g","url":"https:\/\/secure.gravatar.com\/avatar\/d89f66f31d15c86aaa67b2d500e11b783534f791bc2a93dd89895a03d043c162?s=96&d=mm&r=g","height":96,"width":96}},"publisher":{"@type":"Organization","name":"nalis.sk","logo":{"@type":"ImageObject","@id":"\/logo.png","url":"\/logo.png","width":600,"height":60}},"image":{"@type":"ImageObject","@id":"https:\/\/www.nalis.sk\/wp-content\/uploads\/img_a296300_w16682_t1549013474.jpg","url":"https:\/\/www.nalis.sk\/wp-content\/uploads\/img_a296300_w16682_t1549013474.jpg","height":0,"width":0},"wordCount":504,"keywords":null},{"@type":"Article","@id":"https:\/\/www.nalis.sk\/najstahovanejsie-aplikacie-pre-iphone\/","headline":"Najs\u0165ahovanej\u0161ie aplik\u00e1cie pre iPhone","url":"https:\/\/www.nalis.sk\/najstahovanejsie-aplikacie-pre-iphone\/","datePublished":"2018-09-20","dateModified":"2018-09-20","mainEntityOfPage":"https:\/\/www.nalis.sk\/najstahovanejsie-aplikacie-pre-iphone\/","author":{"@type":"Person","@id":"https:\/\/www.nalis.sk\/author\/#Person","name":"","url":"https:\/\/www.nalis.sk\/author\/","identifier":1,"image":{"@type":"ImageObject","@id":"https:\/\/secure.gravatar.com\/avatar\/d89f66f31d15c86aaa67b2d500e11b783534f791bc2a93dd89895a03d043c162?s=96&d=mm&r=g","url":"https:\/\/secure.gravatar.com\/avatar\/d89f66f31d15c86aaa67b2d500e11b783534f791bc2a93dd89895a03d043c162?s=96&d=mm&r=g","height":96,"width":96}},"publisher":{"@type":"Organization","name":"nalis.sk","logo":{"@type":"ImageObject","@id":"\/logo.png","url":"\/logo.png","width":600,"height":60}},"image":{"@type":"ImageObject","@id":"https:\/\/www.nalis.sk\/wp-content\/uploads\/img_a293590_w16501_t1542736204.jpg","url":"https:\/\/www.nalis.sk\/wp-content\/uploads\/img_a293590_w16501_t1542736204.jpg","height":0,"width":0},"wordCount":501,"keywords":null}]},{"@context":"https:\/\/schema.org","@type":"WebSite","@id":"https:\/\/www.nalis.sk\/#website","name":"Nalis","url":"https:\/\/www.nalis.sk","potentialAction":{"@type":"SearchAction","target":"https:\/\/www.nalis.sk\/?s={search_term_string}","query-input":"required name=search_term_string"}}]