[{"@context":"https:\/\/schema.org\/","@type":"Article","@id":"https:\/\/www.nalis.sk\/preco-sa-rozhodnut-pre-moderne-doplnky-akymi-su-dvere-zo-skla\/#Article","mainEntityOfPage":"https:\/\/www.nalis.sk\/preco-sa-rozhodnut-pre-moderne-doplnky-akymi-su-dvere-zo-skla\/","headline":"Pre\u010do sa rozhodn\u00fa\u0165 pre modern\u00e9 doplnky, ak\u00fdmi s\u00fa dvere zo skla","name":"Pre\u010do sa rozhodn\u00fa\u0165 pre modern\u00e9 doplnky, ak\u00fdmi s\u00fa dvere zo skla","description":"Dvere vyroben\u00e9 zo sklenen\u00e9ho materi\u00e1lu nemusia plni\u0165 len z\u00e1kladn\u00fa funkciu dver\u00ed, ale ako vid\u00edme u\u017e na prv\u00fd poh\u013ead, s\u00fa predov\u0161etk\u00fdm ve\u013emi estetick\u00fdm dizajnov\u00fdm...","datePublished":"2019-01-10","dateModified":"2019-01-10","author":{"@type":"Person","@id":"https:\/\/www.nalis.sk\/author\/#Person","name":"","url":"https:\/\/www.nalis.sk\/author\/","identifier":1,"image":{"@type":"ImageObject","@id":"https:\/\/secure.gravatar.com\/avatar\/d89f66f31d15c86aaa67b2d500e11b783534f791bc2a93dd89895a03d043c162?s=96&d=mm&r=g","url":"https:\/\/secure.gravatar.com\/avatar\/d89f66f31d15c86aaa67b2d500e11b783534f791bc2a93dd89895a03d043c162?s=96&d=mm&r=g","height":96,"width":96}},"publisher":{"@type":"Organization","name":"nalis.sk","logo":{"@type":"ImageObject","@id":"\/logo.png","url":"\/logo.png","width":600,"height":60}},"image":{"@type":"ImageObject","@id":"https:\/\/www.nalis.sk\/wp-content\/uploads\/img_a296697_w16475_t1549964143.jpg","url":"https:\/\/www.nalis.sk\/wp-content\/uploads\/img_a296697_w16475_t1549964143.jpg","height":0,"width":0},"url":"https:\/\/www.nalis.sk\/preco-sa-rozhodnut-pre-moderne-doplnky-akymi-su-dvere-zo-skla\/","about":["Byt"],"wordCount":384,"articleBody":"    Dvere vyroben\u00e9 zo sklenen\u00e9ho materi\u00e1lu nemusia plni\u0165 len z\u00e1kladn\u00fa funkciu dver\u00ed, ale ako vid\u00edme u\u017e na prv\u00fd poh\u013ead, s\u00fa predov\u0161etk\u00fdm ve\u013emi estetick\u00fdm dizajnov\u00fdm doplnkom s praktick\u00fdmi vlastnos\u0165ami a univerz\u00e1lnym vyu\u017eit\u00edm. Typ dver\u00ed z tohto materi\u00e1lu v\u0161ak m\u00f4\u017ee ma\u0165 nieko\u013eko odli\u0161n\u00fdch preveden\u00ed a to bu\u010f celosklenenen\u00fdch dver\u00ed s klasick\u00fdm otv\u00e1ran\u00edm, \u010falej v podobe posuvn\u00fdch dver\u00ed a zauj\u00edmavo p\u00f4sob\u00ed aj prevedenie sklenen\u00fdch dver\u00ed do oblo\u017ekovej z\u00e1rubne https:\/\/lmmont.sk\/sklenene-realizacie\/sklenene-dvere\/sklenene-dvere-do-oblozkovej-zarubne\/.  Prakticky v\u0161ak p\u00f4sobia aj spomenut\u00e9 posuvn\u00e9 dvere (zo skla), ktor\u00fdch prioritnou v\u00fdhodou je najm\u00e4 fakt, \u017ee pri otv\u00e1ran\u00ed \u0161etria priestorom. Tak\u00fdto princ\u00edp m\u00f4\u017ee v\u00fdrazn\u00fdm sp\u00f4sobom vytvori\u0165 praktickej\u0161ie b\u00fdvanie a v oblasti nain\u0161talovan\u00fdch dver\u00ed sa nemus\u00edme zam\u00fd\u0161\u013ea\u0165 nad extra priestorom, ktor\u00fd by bolo nutn\u00e9 ponecha\u0165 v rezerve. Posuvn\u00fd patent spolu so sklenen\u00fdm dizajnom tak pri vstupe u\u0161etr\u00ed maximum miesta. Sklo v\u0161ak obohacuje interi\u00e9r aj z vizu\u00e1lnej str\u00e1nky a to je mysl\u00edm vidite\u013en\u00e9 u\u017e na prv\u00fd poh\u013ead, no v pr\u00edpade dver\u00ed kombinuj\u00fa aj \u00fa\u010delov\u00e9 a potrebn\u00e9 vlastnosti pre ka\u017ed\u00fa dom\u00e1cnos\u0165 \u010di podnik.   V takomto pr\u00edpade sa v\u0161ak samozrejme nepou\u017e\u00edva materi\u00e1l z \u201eoby\u010dajn\u00e9ho\u201c skla, ale toto je \u0161peci\u00e1lne upraven\u00e9 k svojmu pravideln\u00e9mu zabezpe\u010den\u00e9mu vyu\u017eitiu a to kalenen\u00edm, respekt\u00edve ide o kalen\u00e9 sklo, ak\u00e9 je oproti tomu be\u017en\u00e9mu nieko\u013ekon\u00e1sobne odolnoj\u0161ie a dostato\u010dne im\u00fanne vo\u010di n\u00e1razom \u010di rozbitiu. Dalo by sa rozbi\u0165 prakticky len cielen\u00fdm \u00famyslom, no pri be\u017enom pou\u017e\u00edvan\u00ed je jeho rozbitie prakticky nemo\u017en\u00e9.  Tak\u00fdto typ dver\u00ed, respekt\u00edve materi\u00e1lu m\u00e1 \u010falej schopnos\u0165 \u0161\u00edri\u0165 prirodzen\u00e9 svetlo a ponecha\u0165 tak oddelen\u00e9 miestnosti dostato\u010dne osvetlen\u00e9, \u010do je d\u00f4le\u017eit\u00e9 aj z h\u013eadiska n\u00e1\u0161ho zdravia i psychiky a to predov\u0161etk\u00fdm v pr\u00edpade, ak tieto miestnosti ob\u00fdvame pravidelne. Vid\u00edme tak \u0161t\u00fdl dver\u00ed, ktor\u00fd je z\u00e1rove\u0148 v\u00fdznamn\u00fdm vizu\u00e1lnym prvkom, ktor\u00fd pozit\u00edvnym sp\u00f4sobom p\u00f4sob\u00ed aj na okolie.                                                                                                                                                                                                                                                                                                                                                                                          4.2\/5 - (9 votes)        "},{"@context":"https:\/\/schema.org\/","@type":"BreadcrumbList","itemListElement":[{"@type":"ListItem","position":1,"name":"Pre\u010do sa rozhodn\u00fa\u0165 pre modern\u00e9 doplnky, ak\u00fdmi s\u00fa dvere zo skla","item":"https:\/\/www.nalis.sk\/preco-sa-rozhodnut-pre-moderne-doplnky-akymi-su-dvere-zo-skla\/#breadcrumbitem"}]}]