[{"@context":"https:\/\/schema.org\/","@type":"Article","@id":"https:\/\/www.nalis.sk\/vonave-leto-s-unikatnym-vonavym-pranim-je-tu-aj-pre-vas\/#Article","mainEntityOfPage":"https:\/\/www.nalis.sk\/vonave-leto-s-unikatnym-vonavym-pranim-je-tu-aj-pre-vas\/","headline":"Vo\u0148av\u00e9 leto s unik\u00e1tnym vo\u0148av\u00fdm pran\u00edm je tu aj pre v\u00e1s","name":"Vo\u0148av\u00e9 leto s unik\u00e1tnym vo\u0148av\u00fdm pran\u00edm je tu aj pre v\u00e1s","description":"N\u00e1dhern\u00fd letn\u00fd \u010das prin\u00e1\u0161a mnoho \u00fa\u017easn\u00fdch z\u00e1\u017eitkov, na ktor\u00e9 \u010dlovek ve\u013emi r\u00e1d a dlho spom\u00edna. \u010ci u\u017e sa jedn\u00e1 o obdobie letn\u00fdch pr\u00e1zdnin...","datePublished":"2025-06-08","dateModified":"2025-06-08","author":{"@type":"Person","@id":"https:\/\/www.nalis.sk\/author\/#Person","name":"","url":"https:\/\/www.nalis.sk\/author\/","identifier":1,"image":{"@type":"ImageObject","@id":"https:\/\/secure.gravatar.com\/avatar\/d89f66f31d15c86aaa67b2d500e11b783534f791bc2a93dd89895a03d043c162?s=96&d=mm&r=g","url":"https:\/\/secure.gravatar.com\/avatar\/d89f66f31d15c86aaa67b2d500e11b783534f791bc2a93dd89895a03d043c162?s=96&d=mm&r=g","height":96,"width":96}},"publisher":{"@type":"Organization","name":"nalis.sk","logo":{"@type":"ImageObject","@id":"\/logo.png","url":"\/logo.png","width":600,"height":60}},"image":{"@type":"ImageObject","@id":"https:\/\/www.nalis.sk\/wp-content\/uploads\/orange_1_ZrsvoK.jpg","url":"https:\/\/www.nalis.sk\/wp-content\/uploads\/orange_1_ZrsvoK.jpg","height":0,"width":0},"url":"https:\/\/www.nalis.sk\/vonave-leto-s-unikatnym-vonavym-pranim-je-tu-aj-pre-vas\/","about":["Tovar"],"wordCount":412,"articleBody":"        N\u00e1dhern\u00fd letn\u00fd \u010das prin\u00e1\u0161a mnoho \u00fa\u017easn\u00fdch z\u00e1\u017eitkov, na ktor\u00e9 \u010dlovek ve\u013emi r\u00e1d a dlho spom\u00edna. \u010ci u\u017e sa jedn\u00e1 o obdobie letn\u00fdch pr\u00e1zdnin alebo dovolenky, ktor\u00e9 si po celoro\u010dnom koloto\u010di v pr\u00e1ci zasl\u00fa\u017eite, leto je obdob\u00edm pr\u00edjemn\u00fdch v\u00f4n\u00ed a ar\u00f3m, ktor\u00e9 c\u00edti\u0165 z pr\u00edrody i be\u017en\u00e9ho \u017eivota. Osvie\u017euj\u00faci vzduch na brehu mora, v\u00f4\u0148a rozkvitnut\u00fdch ru\u017e\u00ed, piv\u00f3nii alebo jasm\u00ednu. Do toho zmes korenia a v\u00f4\u0148a grilu \u2013 dokonal\u00e1 atmosf\u00e9ra. Je preto e\u0161te \u00fa\u017easnej\u0161ie, \u017ee si tento prvotriedny \u010das m\u00f4\u017eete u\u017e\u00edva\u0165 s pr\u00edjemn\u00fdmi v\u00f4\u0148ami na oble\u010den\u00ed, ktor\u00e9 v\u00e1s bud\u00fa neust\u00e1le sprev\u00e1dza\u0165. Dok\u00e1\u017ee to parf\u00e9m na pranie Essentia Nature, ktor\u00fd bielizni prepo\u017ei\u010dia dlhotrvaj\u00facu v\u00f4\u0148u. Budete sa tak c\u00edti\u0165 pr\u00edjemne a isto v ka\u017edej letnej situ\u00e1cii \u010di z\u00e1bave.  Letn\u00e9 v\u00f4ne alebo nad\u010dasov\u00e1 klasika  Zna\u010dka Essentia Nature pon\u00faka cez dvadsa\u0165 unik\u00e1tnych parf\u00e9mov\u00fdch olejov na pranie a ka\u017ed\u00fd m\u00e1 \u010do pon\u00faknu\u0165. Budete sa musie\u0165 rozhodova\u0165, ktor\u00fd si vyberiete alebo vysk\u00fa\u0161ate ako prv\u00fd. Na\u0161\u0165astie je tu sada vzoriek, ktor\u00fa si m\u00f4\u017eete zak\u00fapi\u0165 v e-shope vonavepranie.sk spolu s ostatn\u00fdm sortimentom produktov. T\u00e1 v\u00e1m umo\u017en\u00ed vysk\u00fa\u0161a\u0165 si r\u00f4zne v\u00f4ne v mini baleniach na jedno \u010di dve prania. Pokia\u013e v\u00e1m nejak\u00e1 nesadne, pou\u017eite ju na um\u00fdvanie podlahy alebo podarujte susedke \u010di kamar\u00e1tke.   Leto je \u010das z\u00e1bavy a odpo\u010dinku  Veru tak! Leto prin\u00e1\u0161a zasl\u00fa\u017een\u00fd \u010das z\u00e1bavy a oddychu a hor\u00face dni n\u00e1s sk\u00f4r l\u00e1kaj\u00fa k vode a klimatiz\u00e1ci\u00e1m ne\u017e k nevyhnutn\u00fdm dom\u00e1cim pr\u00e1cam. Tak pre\u010do si ich nespr\u00edjemni\u0165 st\u00e1le svie\u017eo vo\u0148av\u00fdm oble\u010den\u00edm, ktor\u00e9 m\u00f4\u017eeme ka\u017ed\u00fd t\u00fd\u017ede\u0148 zafarbi\u0165 in\u00fdm n\u00e1dychom jedine\u010dn\u00fdch vonn\u00fdch kompoz\u00edcii. Tak ne\u010dakajte, k\u00fdm leto skon\u010d\u00ed, sko\u010dte do tohto rozbehnut\u00e9ho vlaku pln\u00e9ho esenci\u00e1lnych olejov a parf\u00e9mov\u00fdch zmes\u00ed, ktor\u00e9 v\u00e1m umo\u017enia c\u00edti\u0165 sa neust\u00e1le komfortne a svie\u017eo! Ve\u010f vysk\u00fa\u0161anie takmer ni\u010d nestoj\u00ed, no prinesie mnoho \u2013 a to nov\u00fdch impulzov, v\u00f4n\u00ed a z\u00e1\u017eitkov, ktor\u00e9 s\u00fa pre leto tak typick\u00e9.                                                                                                                                                                                                                                                                                                                                                                                          4.3\/5 - (13 votes)        "},{"@context":"https:\/\/schema.org\/","@type":"BreadcrumbList","itemListElement":[{"@type":"ListItem","position":1,"name":"Vo\u0148av\u00e9 leto s unik\u00e1tnym vo\u0148av\u00fdm pran\u00edm je tu aj pre v\u00e1s","item":"https:\/\/www.nalis.sk\/vonave-leto-s-unikatnym-vonavym-pranim-je-tu-aj-pre-vas\/#breadcrumbitem"}]}]